{"id":8153,"date":"2024-04-23T19:20:00","date_gmt":"2024-04-23T17:20:00","guid":{"rendered":"https:\/\/www.acconeer.com\/mfn_news\/kommunike-fran-arsstamma-i-acconeer-ab-den-23-april-2024\/"},"modified":"2024-04-23T19:20:00","modified_gmt":"2024-04-23T17:20:00","slug":"kommunike-fran-arsstamma-i-acconeer-ab-den-23-april-2024","status":"publish","type":"mfn_news","link":"https:\/\/acconeer.com\/sv\/mfn_news\/kommunike-fran-arsstamma-i-acconeer-ab-den-23-april-2024\/","title":{"rendered":"Kommunik\u00e9 fr\u00e5n \u00e5rsst\u00e4mma i Acconeer AB den 23 april 2024"},"content":{"rendered":"<div class=\"mfn-preamble\">\n<p><strong>Acconeer AB (publ) (\u201dBolaget\u201d) h\u00f6ll den 23 april 2024 \u00e5rsst\u00e4mma. Vid st\u00e4mman fattades f\u00f6ljande beslut.<\/strong><\/p>\n<\/div>\n<div class=\"mfn-body\">\n<p><strong>Fastst\u00e4llande av resultat- och balansr\u00e4kningen<\/strong><br \/>St\u00e4mman beslutade att fastst\u00e4lla i \u00e5rsredovisningen intagna resultatr\u00e4kningen och balansr\u00e4kningen f\u00f6r r\u00e4kenskaps\u00e5ret 2023.<\/p>\n<p><strong>Disposition betr\u00e4ffande Bolagets vinst eller f\u00f6rlust<\/strong><br \/>St\u00e4mman beslutade, i enlighet med styrelsens f\u00f6rslag, att ingen utdelning ska utg\u00e5 och att det belopp som stod till st\u00e4mmans f\u00f6rfogande skulle \u00f6verf\u00f6ras i ny r\u00e4kning.<\/p>\n<p><strong>Ansvarsfrihet<\/strong><br \/>St\u00e4mman beslutade att bevilja samtliga som under 2023 innehaft uppdrag som styrelseledamot eller verkst\u00e4llande direkt\u00f6r i bolaget ansvarsfrihet f\u00f6r 2023 \u00e5rs f\u00f6rvaltning.<\/p>\n<p><strong>Val av styrelse och revisor samt arvodering<\/strong><br \/>Till styrelseledam\u00f6ter omvaldes Lars-Erik Wernersson, Git Sturesj\u00f6 Adolfsson och Thomas Rex samt valdes Henric Str\u00e5th till ny styrelseledamot. Till styrelsens ordf\u00f6rande omvaldes Thomas Rex.<\/p>\n<p>\u00c5rsst\u00e4mman fastst\u00e4llde att styrelsearvodet, f\u00f6r tiden intill slutet av n\u00e4sta \u00e5rsst\u00e4mma, ska utg\u00e5 med totalt fjorton (14) prisbasbelopp, varav fem\u00a0(5)\u00a0prisbasbelopp till ordf\u00f6randen och tre (3) prisbasbelopp vardera till \u00f6vriga bolagsst\u00e4mmovalda ledam\u00f6ter som inte \u00e4r anst\u00e4llda i Bolaget.<\/p>\n<p>St\u00e4mman beslutade att omv\u00e4lja det registrerade revisionsbolaget KPMG AB som bolagets revisor f\u00f6r tiden intill slutet av n\u00e4sta \u00e5rsst\u00e4mma. Till revisorn ska arvode utg\u00e5 enligt godk\u00e4nd r\u00e4kning.<\/p>\n<p><strong>Riktad emission av teckningsoptioner och godk\u00e4nnande av dotterbolagets \u00f6verl\u00e5telse<\/strong><br \/>St\u00e4mman beslutade, i enlighet med styrelsens f\u00f6rslag, om inr\u00e4ttande av det teckningsoptionsbaserade incitamentsprogrammet Teckningsoptionsprogram 2024\/2028 genom beslut om (A) emission av teckningsoptioner av serie 2024\/2028 till Bolagets hel\u00e4gda dotterbolag samt (B) godk\u00e4nnande av \u00f6verl\u00e5telse av teckningsoptioner av serie 2024\/2028 fr\u00e5n dotterbolaget till de personer som \u00e4r eller blir anst\u00e4llda i Bolaget (dock ej visstidsanst\u00e4llda) inklusive den verkst\u00e4llande direkt\u00f6ren i Bolaget (\u201d<strong>Anst\u00e4llda<\/strong>\u201d).<\/p>\n<p>Programmet inneb\u00e4r att h\u00f6gst 500 000 teckningsoptioner ges ut till dotterbolaget f\u00f6r att senare \u00f6verl\u00e5tas till Anst\u00e4llda. \u00d6verl\u00e5telse ska ske den 22 november 2024, eller det senare datum som styrelsen beslutar, till marknadsm\u00e4ssigt v\u00e4rde vid respektive \u00f6verl\u00e5telsetidpunkt, och tilldelning ska ske enligt de principer som anges i styrelsens f\u00f6rslag. Teckning av aktie med st\u00f6d av teckningsoptionerna ska kunna \u00e4ga rum under perioden fr\u00e5n och med den 15 februari 2028 till och med den 30 april 2028. \u00d6verkurs ska tillf\u00f6ras den fria \u00f6verkursfonden. Teckningskursen per aktie ska motsvara 150 procent av den volymv\u00e4gda genomsnittskursen enligt Nasdaq First North Growth Markets officiella kurslista f\u00f6r aktie i Bolaget under den period om tio (10) handelsdagar som slutar den 15 november 2024, dock inte under aktiens kvotv\u00e4rde. Den maximala utsp\u00e4dningseffekten av programmet \u00e4r cirka 1,84 procent.<\/p>\n<p>________________<\/p>\n<p>F\u00f6r mer detaljerad information om inneh\u00e5llet i besluten h\u00e4nvisas till pressmeddelande som offentliggjordes den 12 mars 2024 och den fullst\u00e4ndiga kallelsen till \u00e5rsst\u00e4mman. Kallelse till \u00e5rsst\u00e4mman samt fullst\u00e4ndiga f\u00f6rslag avseende \u00e5rsst\u00e4mmans beslut finns tillg\u00e4ngliga p\u00e5 Bolagets hemsida, <a href=\"http:\/\/www.acconeer.com.\" rel=\"noopener\" target=\"_blank\">www.acconeer.com<\/a>.<\/p>\n<\/div>\n<div class=\"mfn-footer mfn-contacts mfn-191095812822\">\n<p><strong class=\"mfn-heading-1\">F\u00f6r ytterligare information kontakta:<\/strong><br \/>Lars Lindell, vd Acconeer, Telefon +46 10 218 92 00, Mail: <a href=\"mailto:ir@acconeer.com\" rel=\"noopener\" target=\"_blank\">ir@acconeer.com<\/a>\u00a0<\/p>\n<\/div>\n<div class=\"mfn-footer mfn-about mfn-fcfa2fe75f45\">\n<p><strong class=\"mfn-heading-1\">Om Acconeer AB<\/strong><br \/>Med banbrytande teknologi har Acconeer utvecklat en radarsensor som \u00f6ppnar en ny v\u00e4rld f\u00f6r interaktion. Acconeers mikroradarsensor, med l\u00e5g str\u00f6mf\u00f6rbrukning, h\u00f6g precision, liten storlek och h\u00f6g robusthet, \u00e4r en 60 GHz robust och kostnadseffektiv sensor f\u00f6r detektion, avst\u00e5ndsm\u00e4tning, r\u00f6relsedetektering och kamerast\u00f6dda applikationer med behov av l\u00e5g str\u00f6mf\u00f6rbrukning. Acconeer kombinerar f\u00f6rdelen med l\u00e5g str\u00f6mf\u00f6rbrukning hos pulsade radarsystem med h\u00f6g noggrannhet hos koherent radar, allt integrerat i en komponent med en yta p\u00e5 endast 28 mm2. Radarsensorn kan ing\u00e5 i en rad mobila konsumentprodukter, fr\u00e5n smartphones till wearables, men \u00e4ven inom omr\u00e5den s\u00e5som robotar, dr\u00f6nare, Internet of Things, sjukv\u00e5rd, fordonsindustri, industrirobotar samt s\u00e4kerhets- och \u00f6vervakningssystem. Acconeer \u00e4r ett halvledarbolag och har som aff\u00e4rsmodell att s\u00e4lja h\u00e5rdvara till tillverkare av konsumentelektronikprodukter. Acconeer \u00e4r listat p\u00e5 Nasdaq First North Growth Market med tickerkoden ACCON, Redeye \u00e4r bolagets Certified Advisor (CA). F\u00f6r mer information: <a href=\"http:\/\/www.acconeer.com\" rel=\"noopener\" target=\"_blank\">www.acconeer.com<\/a>.<\/p>\n<\/div>\n<div class=\"mfn-footer mfn-attachment mfn-attachment-general\">\n<p><strong class=\"mfn-heading-1\">Bifogade filer<\/strong><br \/><a class=\"mfn-generated mfn-primary\" href=\"https:\/\/storage.mfn.se\/c551b00e-23ef-4b2a-a0eb-65270ae4370e\/kommunike-fran-arsstamma-i-acconeer-ab-den-23-april-2024.pdf\" rel=\"noopener\" target=\"_blank\">Kommunik\u00e9 fr\u00e5n \u00e5rsst\u00e4mma i Acconeer AB den 23 april 2024<\/a><\/p>\n<\/div>\n<script>\n                Array.prototype.slice.call(document.querySelectorAll(\".mfn-footer.mfn-attachment\")).forEach(function (el) { el.remove() });\n            <\/script>\n        <div class=\"mfn-attachments-container\"><div class=\"mfn-attachment mfn-primary\"><a class=\"mfn-attachment-link\" href=\"https:\/\/storage.mfn.se\/c551b00e-23ef-4b2a-a0eb-65270ae4370e\/kommunike-fran-arsstamma-i-acconeer-ab-den-23-april-2024.pdf\"><span class=\"mfn-attachment-icon\"><img decoding=\"async\" src=\"https:\/\/storage.mfn.se\/c551b00e-23ef-4b2a-a0eb-65270ae4370e\/kommunike-fran-arsstamma-i-acconeer-ab-den-23-april-2024.pdf?type=jpg\"><\/span>Kommunik\u00e9 fr\u00e5n \u00e5rsst\u00e4mma i Acconeer AB den 23 april 2024<\/a><\/div><\/div>","protected":false},"excerpt":{"rendered":"<p>Acconeer AB (publ) (\u201dBolaget\u201d) h\u00f6ll den 23 april 2024 \u00e5rsst\u00e4mma. Vid st\u00e4mman fattades f\u00f6ljande beslut. Fastst\u00e4llande av resultat- och balansr\u00e4kningenSt\u00e4mman beslutade att fastst\u00e4lla i \u00e5rsredovisningen intagna resultatr\u00e4kningen och balansr\u00e4kningen f\u00f6r&#8230;<\/p>\n","protected":false},"template":"","mfn-news-tag":[443,445,364,361,392,382,451,369],"class_list":{"0":"post-8153","1":"mfn_news","2":"type-mfn_news","3":"status-publish","5":"mfn-news-tag-mfn-ci_sv","6":"mfn-news-tag-mfn-ci-gm","7":"mfn-news-tag-mfn-type-ir_sv","8":"mfn-news-tag-mfn","9":"mfn-news-tag-mfn-regulatory-listing_sv","10":"mfn-news-tag-mfn-regulatory_sv","11":"mfn-news-tag-mfn-ci-gm-info","12":"mfn-news-tag-mfn-lang-sv"},"acf":[],"yoast_head":"<!-- This site is optimized with the Yoast SEO plugin v27.0 - https:\/\/yoast.com\/product\/yoast-seo-wordpress\/ -->\n<title>Kommunik\u00e9 fr\u00e5n \u00e5rsst\u00e4mma i Acconeer AB den 23 april 2024 - Acconeer<\/title>\n<meta name=\"robots\" content=\"index, follow, max-snippet:-1, max-image-preview:large, max-video-preview:-1\" \/>\n<link rel=\"canonical\" href=\"https:\/\/acconeer.com\/sv\/mfn_news\/kommunike-fran-arsstamma-i-acconeer-ab-den-23-april-2024\/\" \/>\n<meta property=\"og:locale\" content=\"sv_SE\" \/>\n<meta property=\"og:type\" content=\"article\" \/>\n<meta property=\"og:title\" content=\"Kommunik\u00e9 fr\u00e5n \u00e5rsst\u00e4mma i Acconeer AB den 23 april 2024 - Acconeer\" \/>\n<meta property=\"og:description\" content=\"Acconeer AB (publ) (\u201dBolaget\u201d) h\u00f6ll den 23 april 2024 \u00e5rsst\u00e4mma. Vid st\u00e4mman fattades f\u00f6ljande beslut. Fastst\u00e4llande av resultat- och balansr\u00e4kningenSt\u00e4mman beslutade att fastst\u00e4lla i \u00e5rsredovisningen intagna resultatr\u00e4kningen och balansr\u00e4kningen f\u00f6r...\" \/>\n<meta property=\"og:url\" content=\"https:\/\/acconeer.com\/sv\/mfn_news\/kommunike-fran-arsstamma-i-acconeer-ab-den-23-april-2024\/\" \/>\n<meta property=\"og:site_name\" content=\"Acconeer\" \/>\n<meta name=\"twitter:card\" content=\"summary_large_image\" \/>\n<meta name=\"twitter:label1\" content=\"Ber\u00e4knad l\u00e4stid\" \/>\n\t<meta name=\"twitter:data1\" content=\"3 minuter\" \/>\n<script type=\"application\/ld+json\" class=\"yoast-schema-graph\">{\"@context\":\"https:\/\/schema.org\",\"@graph\":[{\"@type\":\"WebPage\",\"@id\":\"https:\/\/acconeer.com\/sv\/mfn_news\/kommunike-fran-arsstamma-i-acconeer-ab-den-23-april-2024\/\",\"url\":\"https:\/\/acconeer.com\/sv\/mfn_news\/kommunike-fran-arsstamma-i-acconeer-ab-den-23-april-2024\/\",\"name\":\"Kommunik\u00e9 fr\u00e5n \u00e5rsst\u00e4mma i Acconeer AB den 23 april 2024 - Acconeer\",\"isPartOf\":{\"@id\":\"https:\/\/acconeer.com\/sv\/#website\"},\"datePublished\":\"2024-04-23T17:20:00+00:00\",\"breadcrumb\":{\"@id\":\"https:\/\/acconeer.com\/sv\/mfn_news\/kommunike-fran-arsstamma-i-acconeer-ab-den-23-april-2024\/#breadcrumb\"},\"inLanguage\":\"sv-SE\",\"potentialAction\":[{\"@type\":\"ReadAction\",\"target\":[\"https:\/\/acconeer.com\/sv\/mfn_news\/kommunike-fran-arsstamma-i-acconeer-ab-den-23-april-2024\/\"]}]},{\"@type\":\"BreadcrumbList\",\"@id\":\"https:\/\/acconeer.com\/sv\/mfn_news\/kommunike-fran-arsstamma-i-acconeer-ab-den-23-april-2024\/#breadcrumb\",\"itemListElement\":[{\"@type\":\"ListItem\",\"position\":1,\"name\":\"Home\",\"item\":\"https:\/\/acconeer.com\/\"},{\"@type\":\"ListItem\",\"position\":2,\"name\":\"Kommunik\u00e9 fr\u00e5n \u00e5rsst\u00e4mma i Acconeer AB den 23 april 2024\"}]},{\"@type\":\"WebSite\",\"@id\":\"https:\/\/acconeer.com\/sv\/#website\",\"url\":\"https:\/\/acconeer.com\/sv\/\",\"name\":\"Acconeer\",\"description\":\"EXPLORE THE NEXT SENSE\",\"publisher\":{\"@id\":\"https:\/\/acconeer.com\/sv\/#organization\"},\"potentialAction\":[{\"@type\":\"SearchAction\",\"target\":{\"@type\":\"EntryPoint\",\"urlTemplate\":\"https:\/\/acconeer.com\/sv\/?s={search_term_string}\"},\"query-input\":{\"@type\":\"PropertyValueSpecification\",\"valueRequired\":true,\"valueName\":\"search_term_string\"}}],\"inLanguage\":\"sv-SE\"},{\"@type\":\"Organization\",\"@id\":\"https:\/\/acconeer.com\/sv\/#organization\",\"name\":\"Acconeer AB\",\"url\":\"https:\/\/acconeer.com\/sv\/\",\"logo\":{\"@type\":\"ImageObject\",\"inLanguage\":\"sv-SE\",\"@id\":\"https:\/\/acconeer.com\/sv\/#\/schema\/logo\/image\/\",\"url\":\"https:\/\/www.acconeer.com\/wp-content\/uploads\/2021\/06\/acconeer_logo.png\",\"contentUrl\":\"https:\/\/www.acconeer.com\/wp-content\/uploads\/2021\/06\/acconeer_logo.png\",\"width\":1463,\"height\":728,\"caption\":\"Acconeer AB\"},\"image\":{\"@id\":\"https:\/\/acconeer.com\/sv\/#\/schema\/logo\/image\/\"}}]}<\/script>\n<!-- \/ Yoast SEO plugin. -->","yoast_head_json":{"title":"Kommunik\u00e9 fr\u00e5n \u00e5rsst\u00e4mma i Acconeer AB den 23 april 2024 - Acconeer","robots":{"index":"index","follow":"follow","max-snippet":"max-snippet:-1","max-image-preview":"max-image-preview:large","max-video-preview":"max-video-preview:-1"},"canonical":"https:\/\/acconeer.com\/sv\/mfn_news\/kommunike-fran-arsstamma-i-acconeer-ab-den-23-april-2024\/","og_locale":"sv_SE","og_type":"article","og_title":"Kommunik\u00e9 fr\u00e5n \u00e5rsst\u00e4mma i Acconeer AB den 23 april 2024 - Acconeer","og_description":"Acconeer AB (publ) (\u201dBolaget\u201d) h\u00f6ll den 23 april 2024 \u00e5rsst\u00e4mma. Vid st\u00e4mman fattades f\u00f6ljande beslut. Fastst\u00e4llande av resultat- och balansr\u00e4kningenSt\u00e4mman beslutade att fastst\u00e4lla i \u00e5rsredovisningen intagna resultatr\u00e4kningen och balansr\u00e4kningen f\u00f6r...","og_url":"https:\/\/acconeer.com\/sv\/mfn_news\/kommunike-fran-arsstamma-i-acconeer-ab-den-23-april-2024\/","og_site_name":"Acconeer","twitter_card":"summary_large_image","twitter_misc":{"Ber\u00e4knad l\u00e4stid":"3 minuter"},"schema":{"@context":"https:\/\/schema.org","@graph":[{"@type":"WebPage","@id":"https:\/\/acconeer.com\/sv\/mfn_news\/kommunike-fran-arsstamma-i-acconeer-ab-den-23-april-2024\/","url":"https:\/\/acconeer.com\/sv\/mfn_news\/kommunike-fran-arsstamma-i-acconeer-ab-den-23-april-2024\/","name":"Kommunik\u00e9 fr\u00e5n \u00e5rsst\u00e4mma i Acconeer AB den 23 april 2024 - Acconeer","isPartOf":{"@id":"https:\/\/acconeer.com\/sv\/#website"},"datePublished":"2024-04-23T17:20:00+00:00","breadcrumb":{"@id":"https:\/\/acconeer.com\/sv\/mfn_news\/kommunike-fran-arsstamma-i-acconeer-ab-den-23-april-2024\/#breadcrumb"},"inLanguage":"sv-SE","potentialAction":[{"@type":"ReadAction","target":["https:\/\/acconeer.com\/sv\/mfn_news\/kommunike-fran-arsstamma-i-acconeer-ab-den-23-april-2024\/"]}]},{"@type":"BreadcrumbList","@id":"https:\/\/acconeer.com\/sv\/mfn_news\/kommunike-fran-arsstamma-i-acconeer-ab-den-23-april-2024\/#breadcrumb","itemListElement":[{"@type":"ListItem","position":1,"name":"Home","item":"https:\/\/acconeer.com\/"},{"@type":"ListItem","position":2,"name":"Kommunik\u00e9 fr\u00e5n \u00e5rsst\u00e4mma i Acconeer AB den 23 april 2024"}]},{"@type":"WebSite","@id":"https:\/\/acconeer.com\/sv\/#website","url":"https:\/\/acconeer.com\/sv\/","name":"Acconeer","description":"EXPLORE THE NEXT SENSE","publisher":{"@id":"https:\/\/acconeer.com\/sv\/#organization"},"potentialAction":[{"@type":"SearchAction","target":{"@type":"EntryPoint","urlTemplate":"https:\/\/acconeer.com\/sv\/?s={search_term_string}"},"query-input":{"@type":"PropertyValueSpecification","valueRequired":true,"valueName":"search_term_string"}}],"inLanguage":"sv-SE"},{"@type":"Organization","@id":"https:\/\/acconeer.com\/sv\/#organization","name":"Acconeer AB","url":"https:\/\/acconeer.com\/sv\/","logo":{"@type":"ImageObject","inLanguage":"sv-SE","@id":"https:\/\/acconeer.com\/sv\/#\/schema\/logo\/image\/","url":"https:\/\/www.acconeer.com\/wp-content\/uploads\/2021\/06\/acconeer_logo.png","contentUrl":"https:\/\/www.acconeer.com\/wp-content\/uploads\/2021\/06\/acconeer_logo.png","width":1463,"height":728,"caption":"Acconeer AB"},"image":{"@id":"https:\/\/acconeer.com\/sv\/#\/schema\/logo\/image\/"}}]}},"_links":{"self":[{"href":"https:\/\/acconeer.com\/sv\/wp-json\/wp\/v2\/mfn_news\/8153","targetHints":{"allow":["GET"]}}],"collection":[{"href":"https:\/\/acconeer.com\/sv\/wp-json\/wp\/v2\/mfn_news"}],"about":[{"href":"https:\/\/acconeer.com\/sv\/wp-json\/wp\/v2\/types\/mfn_news"}],"wp:attachment":[{"href":"https:\/\/acconeer.com\/sv\/wp-json\/wp\/v2\/media?parent=8153"}],"wp:term":[{"taxonomy":"mfn-news-tag","embeddable":true,"href":"https:\/\/acconeer.com\/sv\/wp-json\/wp\/v2\/mfn-news-tag?post=8153"}],"curies":[{"name":"wp","href":"https:\/\/api.w.org\/{rel}","templated":true}]}}