{"id":9719,"date":"2025-03-06T14:30:00","date_gmt":"2025-03-06T12:30:00","guid":{"rendered":"https:\/\/www.acconeer.com\/mfn_news\/kommunike-fran-extra-bolagsstamma-i-acconeer-ab-publ-den-6-mars-2025\/"},"modified":"2025-03-25T22:02:44","modified_gmt":"2025-03-25T20:02:44","slug":"kommunike-fran-extra-bolagsstamma-i-acconeer-ab-publ-den-6-mars-2025","status":"publish","type":"mfn_news","link":"https:\/\/acconeer.com\/sv\/mfn_news\/kommunike-fran-extra-bolagsstamma-i-acconeer-ab-publ-den-6-mars-2025\/","title":{"rendered":"Kommunik\u00e9 fr\u00e5n extra bolagsst\u00e4mma i Acconeer AB (publ) den 6 mars 2025"},"content":{"rendered":"<div class=\"mfn-preamble\">\n<p><strong>Acconeer AB (publ) h\u00f6ll den 6 mars 2025 extra bolagsst\u00e4mma. Vid st\u00e4mman fattades i huvudsak f\u00f6ljande beslut.<\/strong><\/p>\n<\/div>\n<div class=\"mfn-body\">\n<p><strong>Beslut om styrelsens f\u00f6rslag om riktad nyemission av aktier<\/strong><\/p>\n<p>Den extra bolagsst\u00e4mman beslutade, i enlighet med styrelsens f\u00f6rslag, om en riktad nyemission av aktier best\u00e5ende av h\u00f6gst 5\u00a0482 456 aktier, inneb\u00e4rande en \u00f6kning av aktiekapitalet med h\u00f6gst 274\u00a0122,8\u00a0kronor.<\/p>\n<p>R\u00e4tt att teckna aktier ska endast, med avvikelse fr\u00e5n aktie\u00e4garnas f\u00f6retr\u00e4desr\u00e4tt, tillkomma Alps Alpine Co., Ltd. med totalt 5\u00a0482\u00a0456 antal aktier. Teckningskursen har, efter f\u00f6rhandlingar p\u00e5 arml\u00e4ngds avst\u00e5nd mellan bolaget och Alps Alpine, fastst\u00e4llts till 4,56 SEK per aktie, vilket motsvarar st\u00e4ngningskursen f\u00f6r bolagets aktie den 13\u00a0februari 2025. Teckning av de nyemitterade aktierna ska ske p\u00e5 separat teckningslista senast den 31 mars 2025. Styrelsen har r\u00e4tt att f\u00f6rl\u00e4nga teckningstiden och tiden f\u00f6r betalning.<\/p>\n<p><strong>Beslut om styrelsens f\u00f6rslag om nyemission med f\u00f6retr\u00e4desr\u00e4tt f\u00f6r bolagets befintliga aktie\u00e4gare<\/strong><\/p>\n<p>Den extra bolagsst\u00e4mman beslutade, i enlighet med styrelsens f\u00f6rslag, om en nyemission av h\u00f6gst 5\u00a0484 249 aktier, inneb\u00e4rande en \u00f6kning av aktiekapitalet med h\u00f6gst 274\u00a0212,45 kronor.<\/p>\n<p>R\u00e4tt att teckna de nya aktierna ska med f\u00f6retr\u00e4desr\u00e4tt tillkomma aktie\u00e4garna i f\u00f6rh\u00e5llande till det antal aktier de f\u00f6rut \u00e4ger, varvid en (1) befintlig aktie ska ber\u00e4ttiga till tre (3) teckningsr\u00e4tter och trettiofyra (34)\u00a0teckningsr\u00e4tter ska ber\u00e4ttiga till teckning av en (1) ny aktie. Teckningskursen ska vara 4,56 kronor per aktie. Teckningsperioden l\u00f6per fr\u00e5n och med den 18 mars 2025 till och med den 1\u00a0april 2025. Styrelsen har r\u00e4tt att f\u00f6rl\u00e4nga tecknings- och betalningsperioden.<br \/>__________<\/p>\n<p>F\u00f6r mer detaljerad information om inneh\u00e5llet i besluten h\u00e4nvisas till det pressmeddelande som offentliggjordes den 14 februari 2025 och den fullst\u00e4ndiga kallelsen till den extra bolagsst\u00e4mman. Kallelse till bolagsst\u00e4mman samt fullst\u00e4ndiga f\u00f6rslag avseende den extra bolagsst\u00e4mmans beslut finns tillg\u00e4ngliga p\u00e5 Bolagets hemsida, <a href=\"http:\/\/www.acconeer.com.\/\" rel=\"noopener\" target=\"_blank\">www.acconeer.com<\/a>.<\/p>\n<\/div>\n<div class=\"mfn-footer mfn-551d38875780\">\n<p><strong class=\"mfn-heading-1\">F\u00f6r ytterligare information kontakta:<\/strong><br \/>Ted Hansson, vd Acconeer, Telefon +46 10 218 92 00, Mail:\u00a0<a href=\"mailto:ir@acconeer.com\" rel=\"noopener\" target=\"_blank\">ir@acconeer.com<\/a>\u00a0<br \/>\u00a0<\/p>\n<\/div>\n<div class=\"mfn-footer mfn-about mfn-fcfa2fe75f45\">\n<p><strong class=\"mfn-heading-1\">Om Acconeer AB<\/strong><br \/>Med banbrytande teknologi har Acconeer utvecklat en radarsensor som \u00f6ppnar en ny v\u00e4rld f\u00f6r interaktion. Acconeers mikroradarsensor, med l\u00e5g str\u00f6mf\u00f6rbrukning, h\u00f6g precision, liten storlek och h\u00f6g robusthet, \u00e4r en 60 GHz robust och kostnadseffektiv sensor f\u00f6r detektion, avst\u00e5ndsm\u00e4tning, r\u00f6relsedetektering och kamerast\u00f6dda applikationer med behov av l\u00e5g str\u00f6mf\u00f6rbrukning. Acconeer kombinerar f\u00f6rdelen med l\u00e5g str\u00f6mf\u00f6rbrukning hos pulsade radarsystem med h\u00f6g noggrannhet hos koherent radar, allt integrerat i en komponent med en yta p\u00e5 endast 28 mm2. Radarsensorn kan ing\u00e5 i en rad mobila konsumentprodukter, fr\u00e5n smartphones till wearables, men \u00e4ven inom omr\u00e5den s\u00e5som robotar, dr\u00f6nare, Internet of Things, sjukv\u00e5rd, fordonsindustri, industrirobotar samt s\u00e4kerhets- och \u00f6vervakningssystem. Acconeer \u00e4r ett halvledarbolag och har som aff\u00e4rsmodell att s\u00e4lja h\u00e5rdvara till tillverkare av konsumentelektronikprodukter. Acconeer \u00e4r listat p\u00e5 Nasdaq First North Growth Market med tickerkoden ACCON, Redeye \u00e4r bolagets Certified Advisor (CA). F\u00f6r mer information: <a href=\"http:\/\/www.acconeer.com\" rel=\"noopener\" target=\"_blank\">www.acconeer.com<\/a>.<\/p>\n<\/div>\n<div class=\"mfn-footer mfn-attachment mfn-attachment-general\">\n<p><strong class=\"mfn-heading-1\">Bifogade filer<\/strong><br \/><a class=\"mfn-generated mfn-primary\" href=\"https:\/\/storage.mfn.se\/c36ea06d-bade-4da3-8a1a-7856e0a0be2d\/kommunike-fran-extra-bolagsstamma-i-acconeer-ab-publ-den-6-mars-2025.pdf\" rel=\"noopener\" target=\"_blank\">Kommunik\u00e9 fr\u00e5n extra bolagsst\u00e4mma i Acconeer AB (publ) den 6 mars 2025<\/a><\/p>\n<\/div>\n<script>\n                Array.prototype.slice.call(document.querySelectorAll(\".mfn-footer.mfn-attachment\")).forEach(function (el) { el.remove() });\n            <\/script>\n        <div class=\"mfn-attachments-container\"><div class=\"mfn-attachment mfn-primary\"><a class=\"mfn-attachment-link\" href=\"https:\/\/storage.mfn.se\/c36ea06d-bade-4da3-8a1a-7856e0a0be2d\/kommunike-fran-extra-bolagsstamma-i-acconeer-ab-publ-den-6-mars-2025.pdf\"><span class=\"mfn-attachment-icon\"><img decoding=\"async\" src=\"https:\/\/storage.mfn.se\/c36ea06d-bade-4da3-8a1a-7856e0a0be2d\/kommunike-fran-extra-bolagsstamma-i-acconeer-ab-publ-den-6-mars-2025.pdf?type=jpg\"><\/span>Kommunik\u00e9 fr\u00e5n extra bolagsst\u00e4mma i Acconeer AB (publ) den 6 mars 2025<\/a><\/div><\/div>","protected":false},"excerpt":{"rendered":"<p>Acconeer AB (publ) h\u00f6ll den 6 mars 2025 extra bolagsst\u00e4mma. Vid st\u00e4mman fattades i huvudsak f\u00f6ljande beslut. Beslut om styrelsens f\u00f6rslag om riktad nyemission av aktier Den extra bolagsst\u00e4mman beslutade,&#8230;<\/p>\n","protected":false},"template":"","mfn-news-tag":[443,445,364,361,392,382,451,369],"class_list":{"0":"post-9719","1":"mfn_news","2":"type-mfn_news","3":"status-publish","5":"mfn-news-tag-mfn-ci_sv","6":"mfn-news-tag-mfn-ci-gm","7":"mfn-news-tag-mfn-type-ir_sv","8":"mfn-news-tag-mfn","9":"mfn-news-tag-mfn-regulatory-listing_sv","10":"mfn-news-tag-mfn-regulatory_sv","11":"mfn-news-tag-mfn-ci-gm-info","12":"mfn-news-tag-mfn-lang-sv"},"acf":[],"yoast_head":"<!-- This site is optimized with the Yoast SEO plugin v27.0 - https:\/\/yoast.com\/product\/yoast-seo-wordpress\/ -->\n<title>Kommunik\u00e9 fr\u00e5n extra bolagsst\u00e4mma i Acconeer AB (publ) den 6 mars 2025 - Acconeer<\/title>\n<meta name=\"robots\" content=\"index, follow, max-snippet:-1, max-image-preview:large, max-video-preview:-1\" \/>\n<link rel=\"canonical\" href=\"https:\/\/acconeer.com\/sv\/mfn_news\/kommunike-fran-extra-bolagsstamma-i-acconeer-ab-publ-den-6-mars-2025\/\" \/>\n<meta property=\"og:locale\" content=\"sv_SE\" \/>\n<meta property=\"og:type\" content=\"article\" \/>\n<meta property=\"og:title\" content=\"Kommunik\u00e9 fr\u00e5n extra bolagsst\u00e4mma i Acconeer AB (publ) den 6 mars 2025 - Acconeer\" \/>\n<meta property=\"og:description\" content=\"Acconeer AB (publ) h\u00f6ll den 6 mars 2025 extra bolagsst\u00e4mma. Vid st\u00e4mman fattades i huvudsak f\u00f6ljande beslut. Beslut om styrelsens f\u00f6rslag om riktad nyemission av aktier Den extra bolagsst\u00e4mman beslutade,...\" \/>\n<meta property=\"og:url\" content=\"https:\/\/acconeer.com\/sv\/mfn_news\/kommunike-fran-extra-bolagsstamma-i-acconeer-ab-publ-den-6-mars-2025\/\" \/>\n<meta property=\"og:site_name\" content=\"Acconeer\" \/>\n<meta property=\"article:modified_time\" content=\"2025-03-25T20:02:44+00:00\" \/>\n<meta name=\"twitter:card\" content=\"summary_large_image\" \/>\n<meta name=\"twitter:label1\" content=\"Ber\u00e4knad l\u00e4stid\" \/>\n\t<meta name=\"twitter:data1\" content=\"3 minuter\" \/>\n<script type=\"application\/ld+json\" class=\"yoast-schema-graph\">{\"@context\":\"https:\/\/schema.org\",\"@graph\":[{\"@type\":\"WebPage\",\"@id\":\"https:\/\/acconeer.com\/sv\/mfn_news\/kommunike-fran-extra-bolagsstamma-i-acconeer-ab-publ-den-6-mars-2025\/\",\"url\":\"https:\/\/acconeer.com\/sv\/mfn_news\/kommunike-fran-extra-bolagsstamma-i-acconeer-ab-publ-den-6-mars-2025\/\",\"name\":\"Kommunik\u00e9 fr\u00e5n extra bolagsst\u00e4mma i Acconeer AB (publ) den 6 mars 2025 - Acconeer\",\"isPartOf\":{\"@id\":\"https:\/\/acconeer.com\/sv\/#website\"},\"datePublished\":\"2025-03-06T12:30:00+00:00\",\"dateModified\":\"2025-03-25T20:02:44+00:00\",\"breadcrumb\":{\"@id\":\"https:\/\/acconeer.com\/sv\/mfn_news\/kommunike-fran-extra-bolagsstamma-i-acconeer-ab-publ-den-6-mars-2025\/#breadcrumb\"},\"inLanguage\":\"sv-SE\",\"potentialAction\":[{\"@type\":\"ReadAction\",\"target\":[\"https:\/\/acconeer.com\/sv\/mfn_news\/kommunike-fran-extra-bolagsstamma-i-acconeer-ab-publ-den-6-mars-2025\/\"]}]},{\"@type\":\"BreadcrumbList\",\"@id\":\"https:\/\/acconeer.com\/sv\/mfn_news\/kommunike-fran-extra-bolagsstamma-i-acconeer-ab-publ-den-6-mars-2025\/#breadcrumb\",\"itemListElement\":[{\"@type\":\"ListItem\",\"position\":1,\"name\":\"Home\",\"item\":\"https:\/\/acconeer.com\/\"},{\"@type\":\"ListItem\",\"position\":2,\"name\":\"Kommunik\u00e9 fr\u00e5n extra bolagsst\u00e4mma i Acconeer AB (publ) den 6 mars 2025\"}]},{\"@type\":\"WebSite\",\"@id\":\"https:\/\/acconeer.com\/sv\/#website\",\"url\":\"https:\/\/acconeer.com\/sv\/\",\"name\":\"Acconeer\",\"description\":\"EXPLORE THE NEXT SENSE\",\"publisher\":{\"@id\":\"https:\/\/acconeer.com\/sv\/#organization\"},\"potentialAction\":[{\"@type\":\"SearchAction\",\"target\":{\"@type\":\"EntryPoint\",\"urlTemplate\":\"https:\/\/acconeer.com\/sv\/?s={search_term_string}\"},\"query-input\":{\"@type\":\"PropertyValueSpecification\",\"valueRequired\":true,\"valueName\":\"search_term_string\"}}],\"inLanguage\":\"sv-SE\"},{\"@type\":\"Organization\",\"@id\":\"https:\/\/acconeer.com\/sv\/#organization\",\"name\":\"Acconeer AB\",\"url\":\"https:\/\/acconeer.com\/sv\/\",\"logo\":{\"@type\":\"ImageObject\",\"inLanguage\":\"sv-SE\",\"@id\":\"https:\/\/acconeer.com\/sv\/#\/schema\/logo\/image\/\",\"url\":\"https:\/\/www.acconeer.com\/wp-content\/uploads\/2021\/06\/acconeer_logo.png\",\"contentUrl\":\"https:\/\/www.acconeer.com\/wp-content\/uploads\/2021\/06\/acconeer_logo.png\",\"width\":1463,\"height\":728,\"caption\":\"Acconeer AB\"},\"image\":{\"@id\":\"https:\/\/acconeer.com\/sv\/#\/schema\/logo\/image\/\"}}]}<\/script>\n<!-- \/ Yoast SEO plugin. -->","yoast_head_json":{"title":"Kommunik\u00e9 fr\u00e5n extra bolagsst\u00e4mma i Acconeer AB (publ) den 6 mars 2025 - Acconeer","robots":{"index":"index","follow":"follow","max-snippet":"max-snippet:-1","max-image-preview":"max-image-preview:large","max-video-preview":"max-video-preview:-1"},"canonical":"https:\/\/acconeer.com\/sv\/mfn_news\/kommunike-fran-extra-bolagsstamma-i-acconeer-ab-publ-den-6-mars-2025\/","og_locale":"sv_SE","og_type":"article","og_title":"Kommunik\u00e9 fr\u00e5n extra bolagsst\u00e4mma i Acconeer AB (publ) den 6 mars 2025 - Acconeer","og_description":"Acconeer AB (publ) h\u00f6ll den 6 mars 2025 extra bolagsst\u00e4mma. Vid st\u00e4mman fattades i huvudsak f\u00f6ljande beslut. Beslut om styrelsens f\u00f6rslag om riktad nyemission av aktier Den extra bolagsst\u00e4mman beslutade,...","og_url":"https:\/\/acconeer.com\/sv\/mfn_news\/kommunike-fran-extra-bolagsstamma-i-acconeer-ab-publ-den-6-mars-2025\/","og_site_name":"Acconeer","article_modified_time":"2025-03-25T20:02:44+00:00","twitter_card":"summary_large_image","twitter_misc":{"Ber\u00e4knad l\u00e4stid":"3 minuter"},"schema":{"@context":"https:\/\/schema.org","@graph":[{"@type":"WebPage","@id":"https:\/\/acconeer.com\/sv\/mfn_news\/kommunike-fran-extra-bolagsstamma-i-acconeer-ab-publ-den-6-mars-2025\/","url":"https:\/\/acconeer.com\/sv\/mfn_news\/kommunike-fran-extra-bolagsstamma-i-acconeer-ab-publ-den-6-mars-2025\/","name":"Kommunik\u00e9 fr\u00e5n extra bolagsst\u00e4mma i Acconeer AB (publ) den 6 mars 2025 - Acconeer","isPartOf":{"@id":"https:\/\/acconeer.com\/sv\/#website"},"datePublished":"2025-03-06T12:30:00+00:00","dateModified":"2025-03-25T20:02:44+00:00","breadcrumb":{"@id":"https:\/\/acconeer.com\/sv\/mfn_news\/kommunike-fran-extra-bolagsstamma-i-acconeer-ab-publ-den-6-mars-2025\/#breadcrumb"},"inLanguage":"sv-SE","potentialAction":[{"@type":"ReadAction","target":["https:\/\/acconeer.com\/sv\/mfn_news\/kommunike-fran-extra-bolagsstamma-i-acconeer-ab-publ-den-6-mars-2025\/"]}]},{"@type":"BreadcrumbList","@id":"https:\/\/acconeer.com\/sv\/mfn_news\/kommunike-fran-extra-bolagsstamma-i-acconeer-ab-publ-den-6-mars-2025\/#breadcrumb","itemListElement":[{"@type":"ListItem","position":1,"name":"Home","item":"https:\/\/acconeer.com\/"},{"@type":"ListItem","position":2,"name":"Kommunik\u00e9 fr\u00e5n extra bolagsst\u00e4mma i Acconeer AB (publ) den 6 mars 2025"}]},{"@type":"WebSite","@id":"https:\/\/acconeer.com\/sv\/#website","url":"https:\/\/acconeer.com\/sv\/","name":"Acconeer","description":"EXPLORE THE NEXT SENSE","publisher":{"@id":"https:\/\/acconeer.com\/sv\/#organization"},"potentialAction":[{"@type":"SearchAction","target":{"@type":"EntryPoint","urlTemplate":"https:\/\/acconeer.com\/sv\/?s={search_term_string}"},"query-input":{"@type":"PropertyValueSpecification","valueRequired":true,"valueName":"search_term_string"}}],"inLanguage":"sv-SE"},{"@type":"Organization","@id":"https:\/\/acconeer.com\/sv\/#organization","name":"Acconeer AB","url":"https:\/\/acconeer.com\/sv\/","logo":{"@type":"ImageObject","inLanguage":"sv-SE","@id":"https:\/\/acconeer.com\/sv\/#\/schema\/logo\/image\/","url":"https:\/\/www.acconeer.com\/wp-content\/uploads\/2021\/06\/acconeer_logo.png","contentUrl":"https:\/\/www.acconeer.com\/wp-content\/uploads\/2021\/06\/acconeer_logo.png","width":1463,"height":728,"caption":"Acconeer AB"},"image":{"@id":"https:\/\/acconeer.com\/sv\/#\/schema\/logo\/image\/"}}]}},"_links":{"self":[{"href":"https:\/\/acconeer.com\/sv\/wp-json\/wp\/v2\/mfn_news\/9719","targetHints":{"allow":["GET"]}}],"collection":[{"href":"https:\/\/acconeer.com\/sv\/wp-json\/wp\/v2\/mfn_news"}],"about":[{"href":"https:\/\/acconeer.com\/sv\/wp-json\/wp\/v2\/types\/mfn_news"}],"wp:attachment":[{"href":"https:\/\/acconeer.com\/sv\/wp-json\/wp\/v2\/media?parent=9719"}],"wp:term":[{"taxonomy":"mfn-news-tag","embeddable":true,"href":"https:\/\/acconeer.com\/sv\/wp-json\/wp\/v2\/mfn-news-tag?post=9719"}],"curies":[{"name":"wp","href":"https:\/\/api.w.org\/{rel}","templated":true}]}}